{"id":590,"date":"2020-09-29T18:08:06","date_gmt":"2020-09-29T16:08:06","guid":{"rendered":"https:\/\/www.mueller-kerzen.de\/?p=590"},"modified":"2021-01-19T14:43:23","modified_gmt":"2021-01-19T13:43:23","slug":"informacje-dla-akcjonariuszy","status":"publish","type":"post","link":"https:\/\/www.mueller-kerzen.de\/pl\/informacje-dla-akcjonariuszy\/","title":{"rendered":"Informacje dla akcjonariuszy"},"content":{"rendered":"<p>Zarz\u0105d Sp\u00f3\u0142ki pod firm\u0105 Mueller Fabryka \u015awiec Sp\u00f3\u0142ka Akcyjna z siedzib\u0105 w Grudzi\u0105dzu (dalej \u201eSp\u00f3\u0142ka\u201d) w zwi\u0105zku z art. 16 ustawy z dnia 30 sierpnia 2019 roku o zmianie ustawy \u2013 Kodeks sp\u00f3\u0142ek handlowych oraz niekt\u00f3rych innych ustaw (Dz.U. z 2019 r. poz. 1798) wzywa wszystkich akcjonariuszy Sp\u00f3\u0142ki do z\u0142o\u017cenia posiadanych dokument\u00f3w akcji w celu ich dematerializacji. Dokumenty akcji nale\u017cy sk\u0142ada\u0107 w Biurze Zarz\u0105du Sp\u00f3\u0142ki tj. w miejscowo\u015bci Bia\u0142y B\u00f3r 211. Z\u0142o\u017cenie dokument\u00f3w akcji w Sp\u00f3\u0142ce odbywa si\u0119 za pisemnym potwierdzeniem wydanym akcjonariuszowi.<\/p>\n","protected":false},"excerpt":{"rendered":"<p>Zarz\u0105d Sp\u00f3\u0142ki pod firm\u0105 Mueller Fabryka \u015awiec Sp\u00f3\u0142ka Akcyjna z siedzib\u0105 w Grudzi\u0105dzu (dalej \u201eSp\u00f3\u0142ka\u201d) w zwi\u0105zku z art. 16 ustawy z dnia 30 sierpnia 2019 roku o zmianie ustawy \u2013 Kodeks sp\u00f3\u0142ek handlowych oraz niekt\u00f3rych innych ustaw (Dz.U. z 2019 r. poz. 1798) wzywa wszystkich akcjonariuszy Sp\u00f3\u0142ki do z\u0142o\u017cenia posiadanych dokument\u00f3w akcji w celu [&hellip;]<\/p>\n","protected":false},"author":1,"featured_media":88,"comment_status":"closed","ping_status":"closed","sticky":false,"template":"","format":"standard","meta":{"footnotes":""},"categories":[92],"tags":[],"class_list":["post-590","post","type-post","status-publish","format-standard","has-post-thumbnail","hentry","category-o-firmie"],"_links":{"self":[{"href":"https:\/\/www.mueller-kerzen.de\/pl\/wp-json\/wp\/v2\/posts\/590","targetHints":{"allow":["GET"]}}],"collection":[{"href":"https:\/\/www.mueller-kerzen.de\/pl\/wp-json\/wp\/v2\/posts"}],"about":[{"href":"https:\/\/www.mueller-kerzen.de\/pl\/wp-json\/wp\/v2\/types\/post"}],"author":[{"embeddable":true,"href":"https:\/\/www.mueller-kerzen.de\/pl\/wp-json\/wp\/v2\/users\/1"}],"replies":[{"embeddable":true,"href":"https:\/\/www.mueller-kerzen.de\/pl\/wp-json\/wp\/v2\/comments?post=590"}],"version-history":[{"count":0,"href":"https:\/\/www.mueller-kerzen.de\/pl\/wp-json\/wp\/v2\/posts\/590\/revisions"}],"wp:featuredmedia":[{"embeddable":true,"href":"https:\/\/www.mueller-kerzen.de\/pl\/wp-json\/wp\/v2\/media\/88"}],"wp:attachment":[{"href":"https:\/\/www.mueller-kerzen.de\/pl\/wp-json\/wp\/v2\/media?parent=590"}],"wp:term":[{"taxonomy":"category","embeddable":true,"href":"https:\/\/www.mueller-kerzen.de\/pl\/wp-json\/wp\/v2\/categories?post=590"},{"taxonomy":"post_tag","embeddable":true,"href":"https:\/\/www.mueller-kerzen.de\/pl\/wp-json\/wp\/v2\/tags?post=590"}],"curies":[{"name":"wp","href":"https:\/\/api.w.org\/{rel}","templated":true}]}}